{"id":105,"date":"2022-09-05T12:09:15","date_gmt":"2022-09-05T10:09:15","guid":{"rendered":"http:\/\/alfa.sprjp2.edu.pl\/?p=105"},"modified":"2024-04-18T06:12:02","modified_gmt":"2024-04-18T04:12:02","slug":"zima-201415","status":"publish","type":"post","link":"https:\/\/alfa.sprjp2.edu.pl\/?p=105","title":{"rendered":"Wiosna 2024- aktualno\u015bci"},"content":{"rendered":"\n<p><br><\/p>\n\n\n\n<p><\/p>\n\n\n\n<p><\/p>\n\n\n\n<p>Od soboty 9 wrze\u015bnia 2023 rozpoczynamy zaj\u0119cia treningowe- wiadomo\u015bci o godzinach i grupach wy\u015ble Pan Tomek Zaj\u0105czkowski. <strong>Wszystkie<\/strong> zaj\u0119cia b\u0119d\u0105 odbywa\u0142y si\u0119 <strong>na boisku szkolnym<\/strong>. Prosz\u0119 aby dzieci by\u0142y ubrane odpowiednio do pogody.<\/p>\n\n\n\n<p>Poni\u017cej grafik z zaznaczonymi klasami, kt\u00f3re b\u0119d\u0105 mia\u0142y zaj\u0119cia.<\/p>\n\n\n\n<p><span style=\"font-size: revert;\"><br>Poni\u017cej znajdziecie Pa\u0144stwo wz\u00f3r deklaracji i o\u015bwiadczenie RODO<\/span><\/p>\n\n\n\n<p><a href=\"http:\/\/alfa.sprjp2.edu.pl\/wp-content\/uploads\/2014\/11\/Deklaracja-cz\u0142onkowska-Sekcji-Pi\u0142ki-No\u017cnej-Klubu-Sportowego-ALFA-2020.doc\">Deklaracja cz\u0142onkowska Sekcji Pi\u0142ki No\u017cnej Klubu Sportowego ALFA 2020<\/a><\/p>\n\n\n\n<figure class=\"wp-block-table\"><table><tbody><tr><td>\n<p align=\"center\"><span style=\"font-family: Calibri, serif;\"><span style=\"font-size: large;\">lekcja<\/span><\/span><\/p>\n<\/td><td>\n<p align=\"center\"><span style=\"font-family: Calibri, serif;\"><span style=\"font-size: large;\">Godz.<\/span><\/span><\/p>\n<\/td><td>\n<p align=\"center\"><span style=\"font-family: Calibri, serif;\"><span style=\"font-size: large;\">Pon.<\/span><\/span><\/p>\n<\/td><td>\n<p align=\"center\"><span style=\"font-family: Calibri, serif;\"><span style=\"font-size: large;\">Wt.<\/span><\/span><\/p>\n<\/td><td>\n<p align=\"center\"><span style=\"font-family: Calibri, serif;\"><span style=\"font-size: large;\">\u015ar.<\/span><\/span><\/p>\n<\/td><td>\n<p align=\"center\"><span style=\"font-family: Calibri, serif;\"><span style=\"font-size: large;\">Czw.<\/span><\/span><\/p>\n<\/td><td>\n<p align=\"center\"><span style=\"font-family: Calibri, serif;\"><span style=\"font-size: large;\">Pt<\/span><\/span><\/p>\n<\/td><\/tr><tr><td><p align=\"center\">&nbsp;<\/p> <p align=\"center\">&nbsp;<\/p> <p align=\"center\"><span style=\"font-family: Calibri, serif;\"><span style=\"font-size: large;\">8<\/span><\/span><\/p> <\/td><td> <p align=\"center\">&nbsp;<\/p> &nbsp; <p align=\"center\"><span style=\"font-family: Calibri, serif;\"><span style=\"font-size: medium;\">14.45-15.45<\/span><\/span><\/p> <\/td><td>\n<p align=\"center\">&nbsp;<\/p>\n<p align=\"center\">&nbsp;<\/p>\n<p align=\"center\">klasy 0 i 1<\/p>\n<\/td><td> <p align=\"center\">&nbsp;<\/p> <br><br><p align=\"center\">&nbsp;<\/p> DZ 1-3<br> boisko<p align=\"center\"><\/p> <\/td><td> <p align=\"center\">&nbsp;<\/p> <p align=\"center\">&nbsp;<\/p> <br><br><br><br><p align=\"center\"><span style=\"font-family: Calibri, serif;\"><span style=\"font-size: small;\">&#8211;<\/span><\/span><\/p> <p align=\"center\">&nbsp;<\/p> <\/td><td> <p align=\"center\">&nbsp;<\/p> <p align=\"center\">&nbsp;<\/p> <p align=\"center\">DZ 1-3<\/p> boisko <\/td><td>\n<p align=\"center\">&nbsp;<\/p>\n<p align=\"center\">&nbsp;<\/p>\n<p align=\"center\">klasy 0 i 1<\/p>\n<\/td><\/tr><tr><td>\n<p align=\"center\"><span style=\"font-family: Calibri, serif;\"><span style=\"font-size: large;\">9<\/span><\/span><\/p>\n<\/td><td>\n<p align=\"center\"><span style=\"font-family: Calibri, serif;\"><span style=\"font-size: medium;\">15.45-16.45<\/span><\/span><\/p>\n<\/td><td> <br><br><br><br><p align=\"center\"><span style=\"font-family: Calibri, serif;\"><span style=\"font-size: large;\">2<\/span><\/span><\/p> <p align=\"center\">&nbsp;<\/p> <\/td><td> <p align=\"center\"><span style=\"font-family: Calibri, serif;\"><span style=\"font-size: large;\">3<\/span><\/span><\/p><br>       i DZ<br> <\/td><td>      4+5 <\/td><td>\n<p align=\"center\"><span style=\"font-family: Calibri, serif;\"><span style=\"font-size: large;\">2<\/span><\/span><\/p>\n<\/td><td> <p align=\"center\"><span style=\"font-family: Calibri, serif;\"><span style=\"font-size: large;\">3<\/span><\/span><\/p> <p align=\"center\">i DZ.<\/p> <\/td><\/tr><tr><td>\n<p align=\"center\"><span style=\"font-family: Calibri, serif;\"><span style=\"font-size: large;\">10<\/span><\/span><\/p>\n<\/td><td>\n<p align=\"center\"><span style=\"font-family: Calibri, serif;\"><span style=\"font-size: medium;\">16.45-17.45<\/span><\/span><\/p>\n<\/td><td>6+7+8<\/td><td> <p align=\"center\"><span style=\"font-family: Calibri, serif;\"><span style=\"font-size: large;\">6<\/span><\/span><\/p> <\/td><td>\n<p align=\"center\"><span style=\"font-family: Calibri, serif;\"><span style=\"font-size: large;\">Dz<\/span><\/span><\/p>\n<\/td><td>6+7+8 <\/td><td> <p align=\"center\"><span style=\"font-family: Calibri, serif;\"><span style=\"font-size: large;\">4-5<\/span><\/span><\/p> <\/td><\/tr><\/tbody><\/table><\/figure>\n\n\n\n<p><a href=\"http:\/\/alfa.sprjp2.edu.pl\/wp-content\/uploads\/2014\/11\/RODO_Zgoda_przetwarzanie-danych_Klub-Alfa_SPR_wz\u00f3r_26-09-2018.docx\">RODO_Zgoda_przetwarzanie danych_Klub Alfa_SPR_wz\u00f3r_26 09 2018<\/a><\/p>\n\n\n\n<p>Dla chc\u0105cych zostawiam poni\u017cej filmy z \u0107wiczeniami<\/p>\n\n\n\n<p><a href=\"http:\/\/alfa.sprjp2.edu.pl\/wp-content\/uploads\/2020\/03\/Plan-treningu-PT.pdf\">Plan-treningu-PT<\/a><\/p>\n\n\n\n<h1 class=\"wp-block-heading\"><strong>Najbli\u017csze mecze<\/strong><\/h1>\n\n\n\n<p><strong>Sobota 20.04.2024<\/strong><\/p>\n\n\n\n<p>gramy <strong>na naszym<\/strong> boisku- zbi\u00f3rka 15 minut przed meczem<\/p>\n\n\n\n<p> 8.30 mecz 2011\/12 reprezentacja trener Adam\u00a0\u00a0<\/p>\n\n\n\n<p>10.00 mecz 2011\/12 drugiej dru\u017cyny trener Adam<\/p>\n\n\n\n<p>11.30 mecz dziewcz\u0105t trener Adam<\/p>\n\n\n\n<p><strong>Liga Na Uboczu<\/strong>&#8211; trener Tomek<\/p>\n\n\n\n<p> mecz rocznik\u00f3w 2013\/14- klasy czwarte<\/p>\n\n\n\n<p> mecz rocznik\u00f3w 2011\/12<\/p>\n\n\n\n<p> mecz rocznik\u00f3w 2014\/15<\/p>\n\n\n\n<p>Trener Tomasz 691 578 047<\/p>\n\n\n\n<p><\/p>\n\n\n\n<p>Graj\u0105 <strong>tylko powo\u0142ani<\/strong><\/p>\n\n\n\n<p> Trener Adam Pa\u0144czak 607&nbsp;675 336<\/p>\n\n\n\n<p><\/p>\n\n\n\n<p><strong>Zazwyczaj w soboty trenujemy<\/strong>:<\/p>\n\n\n\n<p>u nas <b>na boisku<\/b>:<\/p>\n\n\n\n<p>9.00 roczniki 2009-2011 klasy 6-8<\/p>\n\n\n\n<p>10.00 trening dla rocznik\u00f3w 2012\/13, klasy 4-5<\/p>\n\n\n\n<p>11.00 trening rocznik\u00f3w klas trzecich i drugich<\/p>\n\n\n\n<p>12.00 klasy pierwsze i zer\u00f3wki<\/p>\n\n\n\n<h2 class=\"wp-block-heading\"><strong>MECZE LIGOWE<\/strong><\/h2>\n\n\n\n<p>Trwaj\u0105 rozmowy na temat rozgrywek ligowych. Na razie trenujemy w soboty.<\/p>\n\n\n\n<p>Trener Adam Pa\u0144czak 607&nbsp;675&nbsp;336<\/p>\n\n\n\n<h1 class=\"wp-block-heading\"><strong>Informacje og\u00f3lne<\/strong><\/h1>\n\n\n\n<p>Szanowni Pa\u0144stwo.<br>1. Mi\u0142o mi powita\u0107 Wasze dzieci na zaj\u0119ciach pi\u0142karskich naszego klubu.<\/p>\n\n\n\n<p>2. W tym roku mecze w ramach Pi\u0142karskiej Ligi Pokoju mog\u0105 si\u0119 nie odby\u0107- ma\u0142o ch\u0119tnych. Je\u017celi uda nam si\u0119 zorganizowa\u0107 jakie\u015b rozgrywki to jak najszybciej poinformujemy Pa\u0144stwa.<\/p>\n\n\n\n<p>3. Informacje postaram si\u0119 podawa\u0107 na bie\u017c\u0105co&nbsp; <strong>http:\/\/alfa.sprjp2.edu.pl\/<\/strong><\/p>\n\n\n\n<p>4.Podaj\u0119 te\u017c m\u00f3j adres <strong>adampanczak@op.pl<\/strong><\/p>\n\n\n\n<p>5.Informacje og\u00f3lne<\/p>\n\n\n\n<p>Klub ALFA Przymierze Rodzin jest jednostk\u0105 samofinansuj\u0105c\u0105 si\u0119. Od wielu lat Rodzice uczni\u00f3w uczestnicz\u0105cych w zaj\u0119ciach wspieraj\u0105 nasz\u0105 dzia\u0142alno\u015b\u0107 w formie sk\u0142adek (<strong>120<\/strong> z\u0142 miesi\u0119cznie, w przypadku <strong>dw\u00f3jki<\/strong> dzieci<strong> 180<\/strong> z\u0142). Sk\u0142adki te pozwalaj\u0105 na udzia\u0142 naszych pi\u0142karzy w turniejach, rozgrywkach ligowych itp. (niejednokrotnie wpisowe do tych turniej\u00f3w wynosi ok. 300 z\u0142 od dru\u017cyny). Zebrane fundusze pozwalaj\u0105 te\u017c na op\u0142acenie wynagrodzenia za zaj\u0119cia jak r\u00f3wnie\u017c na zakup sprz\u0119tu (pi\u0142ki, przybory, stroje itp.), jak i funkcjonowanie klubu(np. pranie). W tym roku wi\u0119kszo\u015b\u0107 zaj\u0119\u0107 b\u0119dzie odbywa\u0142a si\u0119 na naszym boisku, nawet w zim\u0119- wtedy przy sztucznym \u015bwietle. Zatem prosz\u0119 o regularne wp\u0142aty \/ przez 10 miesi\u0119cy \/<br>ZMIANA KONTA od 1 wrze\u015bnia 2020 <strong>nowy<\/strong> nr: <strong>57 1090 1030 0000 0001 4657 0638<\/strong><br>Klub Sportowy ALFA Stowarzyszenie Przymierza Rodzin ul. Nowogrodzka 51&nbsp; 00-695 Warszawa, tytu\u0142em: imi\u0119 i nazwisko wp\u0142acaj\u0105cego, za jaki miesi\u0105c<\/p>\n\n\n\n<p><strong>WA\u017bNE!<\/strong><br>Pod koniec wrze\u015bnia b\u0119d\u0105 rozdawane <strong>deklaracje<\/strong> przyst\u0105pienia do klubu. B\u0119d\u0105 tam podstawowe informacje potrzebne dla naszej dzia\u0142alno\u015bci- szczeg\u00f3lnie informacja o <strong>ubezpieczeniu<\/strong> dzieci, kt\u00f3re <strong>Rodzice powinni zapewni\u0107<\/strong> we w\u0142asnym zakresie. Prosz\u0119 o zapoznanie si\u0119 z nimi, wype\u0142nienie i dostarczenie do trener\u00f3w.<\/p>\n\n\n\n<p>Trenerzy<\/p>\n\n\n\n<p><strong>Tomasz Zaj\u0105czkowski 691 578 047&nbsp; bayern09@interia.pl&nbsp;<\/strong>&nbsp; &nbsp; &nbsp; &nbsp; &nbsp; &nbsp; &nbsp; &nbsp; &nbsp; &nbsp; &nbsp; &nbsp; &nbsp; &nbsp; &nbsp; &nbsp; &nbsp; &nbsp; &nbsp; &nbsp; &nbsp; &nbsp; &nbsp; &nbsp; &nbsp; &nbsp; &nbsp; &nbsp; &nbsp; &nbsp; &nbsp; &nbsp; &nbsp; &nbsp; &nbsp; &nbsp; <strong>Adam Pa\u0144czak 607 675 336 adampanczak@op.pl<br><\/strong><\/p>\n","protected":false},"excerpt":{"rendered":"<p>Od soboty 9 wrze\u015bnia 2023 rozpoczynamy zaj\u0119cia treningowe- wiadomo\u015bci o godzinach i grupach wy\u015ble Pan Tomek Zaj\u0105czkowski. Wszystkie zaj\u0119cia b\u0119d\u0105 odbywa\u0142y si\u0119 na boisku szkolnym. Prosz\u0119 aby dzieci by\u0142y ubrane odpowiednio do pogody. Poni\u017cej grafik z zaznaczonymi klasami, kt\u00f3re b\u0119d\u0105 mia\u0142y zaj\u0119cia. Poni\u017cej znajdziecie Pa\u0144stwo wz\u00f3r deklaracji i o\u015bwiadczenie RODO Deklaracja cz\u0142onkowska Sekcji Pi\u0142ki No\u017cnej &hellip; <a href=\"https:\/\/alfa.sprjp2.edu.pl\/?p=105\" class=\"more-link\">Czytaj dalej <span class=\"screen-reader-text\">Wiosna 2024- aktualno\u015bci<\/span> <span class=\"meta-nav\">&rarr;<\/span><\/a><\/p>\n","protected":false},"author":2,"featured_media":0,"comment_status":"closed","ping_status":"open","sticky":false,"template":"","format":"standard","meta":[],"categories":[12,8],"tags":[],"_links":{"self":[{"href":"https:\/\/alfa.sprjp2.edu.pl\/index.php?rest_route=\/wp\/v2\/posts\/105"}],"collection":[{"href":"https:\/\/alfa.sprjp2.edu.pl\/index.php?rest_route=\/wp\/v2\/posts"}],"about":[{"href":"https:\/\/alfa.sprjp2.edu.pl\/index.php?rest_route=\/wp\/v2\/types\/post"}],"author":[{"embeddable":true,"href":"https:\/\/alfa.sprjp2.edu.pl\/index.php?rest_route=\/wp\/v2\/users\/2"}],"replies":[{"embeddable":true,"href":"https:\/\/alfa.sprjp2.edu.pl\/index.php?rest_route=%2Fwp%2Fv2%2Fcomments&post=105"}],"version-history":[{"count":376,"href":"https:\/\/alfa.sprjp2.edu.pl\/index.php?rest_route=\/wp\/v2\/posts\/105\/revisions"}],"predecessor-version":[{"id":806,"href":"https:\/\/alfa.sprjp2.edu.pl\/index.php?rest_route=\/wp\/v2\/posts\/105\/revisions\/806"}],"wp:attachment":[{"href":"https:\/\/alfa.sprjp2.edu.pl\/index.php?rest_route=%2Fwp%2Fv2%2Fmedia&parent=105"}],"wp:term":[{"taxonomy":"category","embeddable":true,"href":"https:\/\/alfa.sprjp2.edu.pl\/index.php?rest_route=%2Fwp%2Fv2%2Fcategories&post=105"},{"taxonomy":"post_tag","embeddable":true,"href":"https:\/\/alfa.sprjp2.edu.pl\/index.php?rest_route=%2Fwp%2Fv2%2Ftags&post=105"}],"curies":[{"name":"wp","href":"https:\/\/api.w.org\/{rel}","templated":true}]}}